{"id":6292,"date":"2022-11-18T12:17:39","date_gmt":"2022-11-18T15:17:39","guid":{"rendered":"https:\/\/cn.cnmza.org.ar\/?p=6292"},"modified":"2022-11-18T13:49:05","modified_gmt":"2022-11-18T16:49:05","slug":"notarios-mendocinos-participaron-del-xxxiii-encuentro-nacional-del-notariado-novel-y-xxiii-jornadas-del-notariado-novel","status":"publish","type":"post","link":"https:\/\/cn.cnmza.org.ar\/?p=6292","title":{"rendered":"Notarios mendocinos participaron del XXXIII Encuentro Nacional del Notariado Novel y XXIII Jornadas del Notariado Novel"},"content":{"rendered":"\r\n<p>La provincia de Salta sirvi\u00f3 como sede para el evento notarial Novel del a\u00f1o. El mi\u00e9rcoles 16 de noviembre se llev\u00f3 a cabo la III Asamblea de Delegados N\u00f3vel y el jueves 17 y viernes 18 se desarroll\u00f3 la edici\u00f3n XXIII de las Jornadas Noveles.<\/p>\r\n<p><img loading=\"lazy\" decoding=\"async\" class=\"aligncenter size-medium wp-image-6293\" src=\"https:\/\/cn.cnmza.org.ar\/wp-content\/uploads\/2022\/11\/Copia-de-Z\u00f3calo-Fotos-14-1-300x300.jpg\" alt=\"Copia de Z\u00f3calo Fotos (14)\" width=\"300\" height=\"300\" srcset=\"https:\/\/cn.cnmza.org.ar\/wp-content\/uploads\/2022\/11\/Copia-de-Z\u00f3calo-Fotos-14-1-300x300.jpg 300w, https:\/\/cn.cnmza.org.ar\/wp-content\/uploads\/2022\/11\/Copia-de-Z\u00f3calo-Fotos-14-1-150x150.jpg 150w, https:\/\/cn.cnmza.org.ar\/wp-content\/uploads\/2022\/11\/Copia-de-Z\u00f3calo-Fotos-14-1-768x768.jpg 768w, https:\/\/cn.cnmza.org.ar\/wp-content\/uploads\/2022\/11\/Copia-de-Z\u00f3calo-Fotos-14-1-1024x1024.jpg 1024w, https:\/\/cn.cnmza.org.ar\/wp-content\/uploads\/2022\/11\/Copia-de-Z\u00f3calo-Fotos-14-1-550x548.jpg 550w, https:\/\/cn.cnmza.org.ar\/wp-content\/uploads\/2022\/11\/Copia-de-Z\u00f3calo-Fotos-14-1.jpg 1080w\" sizes=\"auto, (max-width: 300px) 100vw, 300px\" \/><\/p>\r\n<p>El evento se organiz\u00f3 en torno a dos pilares tem\u00e1ticos: \u201cLa intervenci\u00f3n notarial como veh\u00edculo de concreci\u00f3n de derechos personal\u00edsimos\" y \u201cEl notario y los derechos humanos de las personas\u201d<\/p>\r\n<p>Asistieron a las jornadas notarios de las tres circunscripciones de la provincia. La Not. Luc\u00eda Coria, de la Primera Circunscripci\u00f3n provincial, present\u00f3 ponencia para el tema 1 y la titul\u00f3 \"Eutanasia, esa tan temida palabra que solo dar\u00eda alivio a quien lo necesita\" y \"El sue\u00f1o del fundador\". Luc\u00eda trabaj\u00f3 en conjunto con Joaqu\u00edn Rotundo y Mar\u00eda Juaristi, ambos de la Segunda Circunscripci\u00f3n de la provincia de Santa F\u00e9.<\/p>\r\n<p>Victoria Samso, representante de la Segunda Circunscripci\u00f3n trabaj\u00f3 tambi\u00e9n sobre el tema 1 y titul\u00f3 su ponencia \"Transferencia gratuita de participaciones sociales con reserva de usufructo como herramienta de previsi\u00f3n social y planificaci\u00f3n sucesoria en el \u00e1mbito de la empresa familiar.\"<\/p>\r\n<p>Federico Rosso Bonet y Natalia Bonivardo, ambos representantes de la Tercera Circunscripci\u00f3n de la provincia de Mendoza, presentaron un trabajo llamado \"pactos de herencia futura y protocolo familiar, derecho aplicado\"<\/p>\r\n<p>&nbsp;<\/p>\r\n<p>&nbsp;<\/p>\r\n","protected":false},"excerpt":{"rendered":"La provincia de Salta sirvi\u00f3 como sede para el evento notarial Novel del a\u00f1o. El mi\u00e9rcoles 16 de noviembre se llev\u00f3 a cabo la III Asamblea de Delegados N\u00f3vel y el jueves 17 y viernes 18 se desarroll\u00f3 la edici\u00f3n XXIII de las Jornadas Noveles. El evento se organiz\u00f3 en torno a dos pilares tem\u00e1ticos: [&hellip;]","protected":false},"author":19,"featured_media":0,"comment_status":"open","ping_status":"open","sticky":false,"template":"","format":"aside","meta":{"_cbd_carousel_blocks":"[]","footnotes":""},"categories":[1],"tags":[],"class_list":["post-6292","post","type-post","status-publish","format-aside","hentry","category-sin-categoria","post_format-post-format-aside"],"_links":{"self":[{"href":"https:\/\/cn.cnmza.org.ar\/index.php?rest_route=\/wp\/v2\/posts\/6292","targetHints":{"allow":["GET"]}}],"collection":[{"href":"https:\/\/cn.cnmza.org.ar\/index.php?rest_route=\/wp\/v2\/posts"}],"about":[{"href":"https:\/\/cn.cnmza.org.ar\/index.php?rest_route=\/wp\/v2\/types\/post"}],"author":[{"embeddable":true,"href":"https:\/\/cn.cnmza.org.ar\/index.php?rest_route=\/wp\/v2\/users\/19"}],"replies":[{"embeddable":true,"href":"https:\/\/cn.cnmza.org.ar\/index.php?rest_route=%2Fwp%2Fv2%2Fcomments&post=6292"}],"version-history":[{"count":3,"href":"https:\/\/cn.cnmza.org.ar\/index.php?rest_route=\/wp\/v2\/posts\/6292\/revisions"}],"predecessor-version":[{"id":6298,"href":"https:\/\/cn.cnmza.org.ar\/index.php?rest_route=\/wp\/v2\/posts\/6292\/revisions\/6298"}],"wp:attachment":[{"href":"https:\/\/cn.cnmza.org.ar\/index.php?rest_route=%2Fwp%2Fv2%2Fmedia&parent=6292"}],"wp:term":[{"taxonomy":"category","embeddable":true,"href":"https:\/\/cn.cnmza.org.ar\/index.php?rest_route=%2Fwp%2Fv2%2Fcategories&post=6292"},{"taxonomy":"post_tag","embeddable":true,"href":"https:\/\/cn.cnmza.org.ar\/index.php?rest_route=%2Fwp%2Fv2%2Ftags&post=6292"}],"curies":[{"name":"wp","href":"https:\/\/api.w.org\/{rel}","templated":true}]}}