{"id":3229,"date":"2018-09-06T13:40:08","date_gmt":"2018-09-06T16:40:08","guid":{"rendered":"http:\/\/cn.cnmza.org.ar\/?p=3229"},"modified":"2019-08-05T11:13:10","modified_gmt":"2019-08-05T14:13:10","slug":"acordada-n-28932-inhabilidad-registro-publico","status":"publish","type":"post","link":"https:\/\/cn.cnmza.org.ar\/?p=3229","title":{"rendered":"ACORDADA N\u00b0 28.932 INHABILIDAD REGISTRO P\u00daBLICO"},"content":{"rendered":"\r\n<p style=\"text-align: justify;\"><strong>Estimados Notarios:<\/strong><\/p>\r\n<p style=\"text-align: justify;\">Informamos Acordada N\u00b0 28.932 donde se DECLARA INHABILIDAD PARA EL REGISTRO PUBLICO Y ARCHIVO JUDICIAL el DIA 07 DE SEPTIEMBRE DEL CORRIENTE A\u00d1O.<\/p>\r\n<p style=\"text-align: justify;\"><strong>ACORDADA N\u00b0 28.932<\/strong><\/p>\r\n<p style=\"text-align: justify;\">Mendoza, 4 de setiembre de 2.018<\/p>\r\n<p style=\"text-align: justify;\"><strong>VISTOS Y CONSIDERANDO:<\/strong><\/p>\r\n<p style=\"text-align: justify;\">\u00a0 \u00a0 \u00a0 \u00a0Que el d\u00eda 07 de setiembre del corriente a\u00f1o se llevar\u00e1n a cabo\u00a0\u00a0tareas de migraci\u00f3n y ajustes sobre servidores ubicados en la web del Poder Judicial.<\/p>\r\n<p style=\"text-align: justify;\">\u00a0 \u00a0 \u00a0Que mientras se realizan las tareas mencionadas se ver\u00e1n afectadas las consultas en el portal web\u00a0<a href=\"http:\/\/www.jus.mendoza.gov.ar\/direccion-registro-publico\" target=\"_blank\" rel=\"noreferrer\" data-cke-saved-href=\"http:\/\/www.jus.mendoza.gov.ar\/direccion-registro-publico\">http:\/\/www.jus.mendoza.gov.ar\/direccion-registro-publico<\/a>.<\/p>\r\n<p style=\"text-align: justify;\">Que el sistema inform\u00e1tico y redes es esencial para el desarrollo de las tareas atinentes al Registro, vi\u00e9ndose afectadas las consultas en l\u00ednea, por lo que resulta necesario declarar la inhabilidad para el d\u00eda en que se realizar\u00e1n los trabajos.<\/p>\r\n<p style=\"text-align: justify;\">Por lo expuesto y por motivos estrictamente funcionales que hacen a la correcta administraci\u00f3n de Justicia resulta necesario declarar la\u00a0<strong>INHABILIDAD<\/strong>\u00a0para el<strong>Registro P\u00fablico y Archivo Judicial de la Provincia<\/strong>\u00a0para el d\u00eda\u00a0<strong>7 de setiembre del corriente a\u00f1o<\/strong>, sin perjuicio de la validez de los actos regularmente cumplidos.-<\/p>\r\n<p style=\"text-align: justify;\">Por ello, la Sala Tercera de la Suprema Corte de Justicia,<\/p>\r\n<p style=\"text-align: justify;\">\u00a0 \u00a0 \u00a0 \u00a0 \u00a0\u00a0<strong>RESUELVE:<\/strong><\/p>\r\n<p style=\"text-align: justify;\"><strong>I.-<\/strong>\u00a0Declarar la\u00a0<strong>INHABILIDAD<\/strong>\u00a0para el\u00a0<strong>Registro P\u00fablico y Archivo Judicial de la Provincia<\/strong>\u00a0para el d\u00eda\u00a0<strong>7 de setiembre del corriente a\u00f1o<\/strong>, sin perjuicio de la validez de los actos regularmente cumplidos.-<\/p>\r\n<p style=\"text-align: justify;\">\u00a0 \u00a0 \u00a0 \u00a0 \u00a0Reg\u00edstrese. Notif\u00edquese. Publ\u00edquese. Arch\u00edvese.<\/p>\r\n<p style=\"text-align: justify;\">LB<\/p>\r\n<p style=\"text-align: justify;\">Fdo. Dr. Jorge Horacio Jes\u00fas Nanclares, Presidente Suprema Corte de Justicia, Dr. Pedro Jorge Llorente y Dr. Jos\u00e9 Virgilio Valerio Ministros<\/p>\r\n<p style=\"text-align: justify;\"><strong>Consejo Superior<\/strong><\/p>\r\n","protected":false},"excerpt":{"rendered":"Estimados Notarios: Informamos Acordada N\u00b0 28.932 donde se DECLARA INHABILIDAD PARA EL REGISTRO PUBLICO Y ARCHIVO JUDICIAL el DIA 07 DE SEPTIEMBRE DEL CORRIENTE A\u00d1O. ACORDADA N\u00b0 28.932 Mendoza, 4 de setiembre de 2.018 VISTOS Y CONSIDERANDO: \u00a0 \u00a0 \u00a0 \u00a0Que el d\u00eda 07 de setiembre del corriente a\u00f1o se llevar\u00e1n a cabo\u00a0\u00a0tareas de migraci\u00f3n [&hellip;]","protected":false},"author":19,"featured_media":0,"comment_status":"open","ping_status":"open","sticky":true,"template":"","format":"aside","meta":{"_cbd_carousel_blocks":"[]","footnotes":""},"categories":[1],"tags":[],"class_list":["post-3229","post","type-post","status-publish","format-aside","hentry","category-sin-categoria","post_format-post-format-aside"],"_links":{"self":[{"href":"https:\/\/cn.cnmza.org.ar\/index.php?rest_route=\/wp\/v2\/posts\/3229","targetHints":{"allow":["GET"]}}],"collection":[{"href":"https:\/\/cn.cnmza.org.ar\/index.php?rest_route=\/wp\/v2\/posts"}],"about":[{"href":"https:\/\/cn.cnmza.org.ar\/index.php?rest_route=\/wp\/v2\/types\/post"}],"author":[{"embeddable":true,"href":"https:\/\/cn.cnmza.org.ar\/index.php?rest_route=\/wp\/v2\/users\/19"}],"replies":[{"embeddable":true,"href":"https:\/\/cn.cnmza.org.ar\/index.php?rest_route=%2Fwp%2Fv2%2Fcomments&post=3229"}],"version-history":[{"count":3,"href":"https:\/\/cn.cnmza.org.ar\/index.php?rest_route=\/wp\/v2\/posts\/3229\/revisions"}],"predecessor-version":[{"id":3256,"href":"https:\/\/cn.cnmza.org.ar\/index.php?rest_route=\/wp\/v2\/posts\/3229\/revisions\/3256"}],"wp:attachment":[{"href":"https:\/\/cn.cnmza.org.ar\/index.php?rest_route=%2Fwp%2Fv2%2Fmedia&parent=3229"}],"wp:term":[{"taxonomy":"category","embeddable":true,"href":"https:\/\/cn.cnmza.org.ar\/index.php?rest_route=%2Fwp%2Fv2%2Fcategories&post=3229"},{"taxonomy":"post_tag","embeddable":true,"href":"https:\/\/cn.cnmza.org.ar\/index.php?rest_route=%2Fwp%2Fv2%2Ftags&post=3229"}],"curies":[{"name":"wp","href":"https:\/\/api.w.org\/{rel}","templated":true}]}}